[{"@context":"https:\/\/schema.org\/","@type":"Article","@id":"https:\/\/www.pharmia.cz\/nelehka-sluzba-statu\/#Article","mainEntityOfPage":"https:\/\/www.pharmia.cz\/nelehka-sluzba-statu\/","headline":"Nelehk\u00e1 slu\u017eba st\u00e1tu","name":"Nelehk\u00e1 slu\u017eba st\u00e1tu","description":"Nechte si vypr\u00e1v\u011bt vojensk\u00fd \u017eivot va\u0161ich tat\u00ednk\u016f, d\u011bde\u010dk\u016f a str\u00fd\u010dk\u016f. Ti si na slu\u017ebu st\u00e1tn\u00ed, moc dob\u0159e pamatuj\u00ed. \u0158\u00edkalo se, \u017ee d\u011blala z kluk\u016f mu\u017ee.&hellip;","datePublished":"2016-11-08","dateModified":"2023-05-05","author":{"@type":"Person","@id":"https:\/\/www.pharmia.cz\/author\/#Person","name":"","url":"https:\/\/www.pharmia.cz\/author\/","identifier":1,"image":{"@type":"ImageObject","@id":"https:\/\/secure.gravatar.com\/avatar\/bbaa4e9a58aac4329fe0ade0f3fb816f09f0dc43c21f6e884dccfbc124b16b29?s=96&d=mm&r=g","url":"https:\/\/secure.gravatar.com\/avatar\/bbaa4e9a58aac4329fe0ade0f3fb816f09f0dc43c21f6e884dccfbc124b16b29?s=96&d=mm&r=g","height":96,"width":96}},"publisher":{"@type":"Organization","name":"pharmia.cz","logo":{"@type":"ImageObject","@id":"\/logo.png","url":"\/logo.png","width":600,"height":60}},"image":{"@type":"ImageObject","@id":"https:\/\/www.pharmia.cz\/wp-content\/uploads\/img_a278494_w1758_t1602139223.jpg","url":"https:\/\/www.pharmia.cz\/wp-content\/uploads\/img_a278494_w1758_t1602139223.jpg","height":0,"width":0},"url":"https:\/\/www.pharmia.cz\/nelehka-sluzba-statu\/","wordCount":378,"articleBody":"\tNechte si vypr\u00e1v\u011bt vojensk\u00fd \u017eivot va\u0161ich tat\u00ednk\u016f, d\u011bde\u010dk\u016f a str\u00fd\u010dk\u016f. Ti si na slu\u017ebu st\u00e1tn\u00ed, moc dob\u0159e pamatuj\u00ed. \u0158\u00edkalo se, \u017ee d\u011blala z kluk\u016f mu\u017ee. \u0158\u00edkalo se ale tak\u00e9, \u017ee na vojn\u011b bujela \u0161ikana, ale tak\u00e9 se \u0159\u00edk\u00e1, \u017ee by se m\u011bla vr\u00e1tit.\t\tVojensk\u00e1 slu\u017eba minulost\u00edMo\u017en\u00e1 bychom tu st\u00e1le vojenskou slu\u017ebu m\u011bli, kdyby ji jeden z \u010desk\u00fdch prezident\u016f, v listopadu roku 2004, nezru\u0161il. On to zru\u0161en\u00ed ale nevymyslel, p\u0159edlo\u017eil ho ten tvrd\u00fd chlap\u00edk, ministr obrany, arm\u00e1da se profesionalizovala a panu prezidentovi to mysl\u00edm bylo tenkr\u00e1t i l\u00edto.S\u00e1m tehdy uznal, \u017ee u\u017e to nebude takov\u00e9, \u017ee se domn\u00edv\u00e1, \u017ee tahle slu\u017eba, bude generac\u00edch chyb\u011bt. Jist\u011b se shodneme, \u017ee n\u011bkter\u00fdm zcela ur\u010dit\u011b. Pro zru\u0161en\u00ed vojensk\u00e9 z\u00e1kladn\u00ed slu\u017eby tehdy hlasovalo 46 z 50 p\u0159\u00edtomn\u00fdch sen\u00e1tor\u016f.\tModr\u00e9 kn\u00ed\u017eky nejsou pot\u0159ebaTehdy, kdy\u017e je\u0161t\u011b vojensk\u00e1 slu\u017eba existovala, mohl se z n\u00ed chlapec vyv\u00e1zat jen modrou kn\u00ed\u017ekou. Jen ta ho zbavovala vojensk\u00e9 povinnosti. Stalo se tak kdy\u017e trp\u011bl n\u011bjakou nemoc\u00ed.\u00a0\tProfesion\u00e1ln\u00ed arm\u00e1daDnes tedy m\u00e1me \u201ejen\u201c profesion\u00e1ln\u00ed arm\u00e1du, kter\u00e1 \u010d\u00edt\u00e1 asi dvacet tis\u00edc voj\u00e1k\u016f. A pak m\u00e1me tak\u00e9 takzvan\u00e9 z\u00e1lohy. To jsou mu\u017ei a \u017eeny, kter\u00e9 se \u00fa\u010dastn\u00ed, v\u017edy po n\u011bjak\u00e9 dob\u011b, speci\u00e1ln\u00edho cvi\u010den\u00ed. Byli by to tedy pr\u00e1v\u011b tito lid\u00e9, pokud by bylo pot\u0159eba br\u00e1nit na\u0161e \u017eivoty a majetek, kte\u0159\u00ed by byli povol\u00e1ni \u201edo zbran\u011b\u201c.\u00a0N\u011bkte\u0159\u00ed politici by si p\u0159\u00e1li vojenskou slu\u017ebu vr\u00e1tit zp\u011bt. Tvrd\u00ed, \u017ee vzhledem k rostouc\u00edm nepokoj\u016fm v Evrop\u011b, by to bylo velmi vhodn\u00e9 \u0159e\u0161en\u00ed. V nejbli\u017e\u0161\u00ed dob\u011b se to ale nejsp\u00ed\u0161 nestane, nen\u00ed to rentabiln\u00ed. I kdy\u017e mezi zru\u0161en\u00edm a dne\u0161kem existuje obdob\u00ed, kdy bylo jej\u00ed znovuobnoven\u00ed na spadnut\u00ed. Tehdy byly p\u0159ipraveny i dotazn\u00edky, kter\u00e9 by musely vyplnit mu\u017ei i \u017eeny, po dosa\u017een\u00ed osmn\u00e1cti let v\u011bku. Zat\u00edm je u n\u00e1s m\u00edr, a tak se povinn\u00e1 vojensk\u00e1 slu\u017eba nechyst\u00e1.                                                                                                                                                                                                                                                                                                                                                                                                "},{"@context":"https:\/\/schema.org\/","@type":"BreadcrumbList","itemListElement":[{"@type":"ListItem","position":1,"name":"Nelehk\u00e1 slu\u017eba st\u00e1tu","item":"https:\/\/www.pharmia.cz\/nelehka-sluzba-statu\/#breadcrumbitem"}]}]